{"id":1271,"date":"2014-04-03T20:13:55","date_gmt":"2014-04-03T20:13:55","guid":{"rendered":"http:\/\/www.chamblenvi.com\/wordpress\/?p=1271"},"modified":"2014-04-11T07:06:46","modified_gmt":"2014-04-11T07:06:46","slug":"nos-factures-deau-a-chambles","status":"publish","type":"post","link":"https:\/\/www.chamblenvi.com\/wordpress\/?p=1271","title":{"rendered":"Nos  factures d\u2019eau \u00e0 Chambles"},"content":{"rendered":"<p><a href=\"https:\/\/www.chamblenvi.com\/wordpress\/wp-content\/uploads\/2014\/04\/Photo.jpg\"><img loading=\"lazy\" decoding=\"async\" class=\"alignleft size-thumbnail wp-image-1275\" alt=\"Photo\" src=\"https:\/\/www.chamblenvi.com\/wordpress\/wp-content\/uploads\/2014\/04\/Photo-150x150.jpg\" width=\"150\" height=\"150\" \/><\/a><\/p>\n<p>Dans un\u00a0 article de juillet 2012, nous avions \u00e9voqu\u00e9 le probl\u00e8me du co\u00fbt du Service de l\u2019eau sur notre commune de Chambles.<br \/>\nLe montant de ces factures reste toujours \u00e9lev\u00e9, nous constatons r\u00e9guli\u00e8rement des augmentations importantes :<br \/>\n<!--more-->+ 22 % en 2011 par rapport \u00e0 la moyenne du d\u00e9partement<br \/>\n+\u00a0 9 % en 2012 et de\u00a0 + 6 % en 2013\u00a0 d&rsquo;augmentations annuelles<br \/>\n<a href=\"https:\/\/www.chamblenvi.com\/wordpress\/wp-content\/uploads\/2014\/04\/Analyse_Factures_Eau_Chambles_.pdf\">Analyse_Factures_Eau_Chambles_<\/a><\/p>\n<p>Courant 2013\u00a0 nous\u00a0 avons contact\u00e9 la SAUR pour\u00a0 \u00e9claircir certains points.<\/p>\n<p>En r\u00e9sum\u00e9, cette soci\u00e9t\u00e9 se limite \u00e0 r\u00e9pondre bri\u00e8vement sur la partie qui la concerne\u00a0: le co\u00fbt d\u2019exploitation de la distribution de l\u2019eau (part SAUR et Syndicat du Haut Forez). Elle nous indique \u00a0que les augmentations\u00a0 sont mod\u00e9r\u00e9es, en ce qui les concerne, mais sont la cons\u00e9quence des redevances d\u2019assainissement\u00a0(Loire Forez pour la collecte et le traitement des eaux us\u00e9es) ainsi que les redevances d\u2019Agence de l\u2019eau, non fix\u00e9es par la SAUR et revers\u00e9es int\u00e9gralement \u00e0 ces organismes.<\/p>\n<p><a href=\"https:\/\/www.chamblenvi.com\/wordpress\/wp-content\/uploads\/2014\/04\/Evolution-Factures-Saur-120m3.jpg\"><img loading=\"lazy\" decoding=\"async\" class=\"alignleft size-medium wp-image-1288\" alt=\"Evolution Factures Saur 120m3\" src=\"https:\/\/www.chamblenvi.com\/wordpress\/wp-content\/uploads\/2014\/04\/Evolution-Factures-Saur-120m3-300x249.jpg\" width=\"300\" height=\"249\" srcset=\"https:\/\/www.chamblenvi.com\/wordpress\/wp-content\/uploads\/2014\/04\/Evolution-Factures-Saur-120m3-300x249.jpg 300w, https:\/\/www.chamblenvi.com\/wordpress\/wp-content\/uploads\/2014\/04\/Evolution-Factures-Saur-120m3-1024x853.jpg 1024w\" sizes=\"auto, (max-width: 300px) 100vw, 300px\" \/><\/a><\/p>\n<p>La commune est responsable du service public de l\u2019eau et fixe les prix concernant ce service, chaque ann\u00e9e, par d\u00e9lib\u00e9ration du Conseil municipal. Elle fait donc des choix, en fonction, \u00e9videmment des tarifs propos\u00e9s par la soci\u00e9t\u00e9 gestionnaire ( \u00e0 Chambles,\u00a0 la SAUR).<\/p>\n<p>&nbsp;<\/p>\n<p><a href=\"https:\/\/www.chamblenvi.com\/wordpress\/wp-content\/uploads\/2014\/04\/Prix_m3_d\u00e9gressif.jpg\"><img loading=\"lazy\" decoding=\"async\" class=\"alignleft size-medium wp-image-1277\" alt=\"Prix_m3_d\u00e9gressif\" src=\"https:\/\/www.chamblenvi.com\/wordpress\/wp-content\/uploads\/2014\/04\/Prix_m3_d\u00e9gressif-300x289.jpg\" width=\"300\" height=\"289\" srcset=\"https:\/\/www.chamblenvi.com\/wordpress\/wp-content\/uploads\/2014\/04\/Prix_m3_d\u00e9gressif-300x289.jpg 300w, https:\/\/www.chamblenvi.com\/wordpress\/wp-content\/uploads\/2014\/04\/Prix_m3_d\u00e9gressif-1024x986.jpg 1024w\" sizes=\"auto, (max-width: 300px) 100vw, 300px\" \/><\/a>\u00ab\u00a0Depuis 2010, les communes\u00a0 peuvent choisir de pratiquer une tarification progressive, par tranches, pour d\u00e9courager le gaspillage et rendre abordables les premiers m3 indispensables \u00e0 l\u2019alimentation et l\u2019hygi\u00e8ne\u00a0\u00bb (2).\u00a0 Notre commune a fait le choix inverse, c\u2019est-\u00e0-dire facturer plus cher les premiers m3, puis pratiquer un tarif d\u00e9gressif \u00a0 \u00ab\u00a0cette tarification qui n\u2019incite pas \u00e0 mod\u00e9rer sa consommation n\u2019est aujourd\u2019hui autoris\u00e9e que dans les zones o\u00f9\u00a0 la ressource en eau est particuli\u00e8rement peu sollicit\u00e9e\u00a0\u00bb\u00a0(2). Est-ce notre cas\u00a0?<\/p>\n<p><i><br \/>\nPour info\u00a0: Un article publi\u00e9 dans le journal local \u00ab\u00a0Le Fil de Terre\u00a0\u00bb\u00a0 de janvier 2014 par Norbert Verrier nous a interrog\u00e9s. Il s\u2019agit l\u00e0 de traitement des eaux us\u00e9es sur la commune de St Just St Rambert. \u00ab\u00a0en 2012 le d\u00e9l\u00e9gataire a chang\u00e9\u2026 les tarifs aussi. Au premier janvier 2012 la SAUR facturait \u00e0 chaque consommateur d\u2019eau 23.97\u20ac d\u2019abonnement\u00a0 et 0.36 \u20ac par m3 consomm\u00e9. Au premier d\u00e9cembre 2012, VEOLIA ne facture \u00ab\u00a0plus\u00a0\u00bb que 12.50\u20ac d\u2019abonnement et 0.26 \u20ac par m3 consomm\u00e9s. Comment justifier un tel \u00e9cart\u00a0?\u00a0\u00bb<\/i><\/p>\n<p>Alors\u00a0? est-ce qu\u2019on paie le service de l\u2019eau \u00e0 son juste prix\u00a0?\u00a0 Des \u00e9conomies ne sont-elles pas possibles au niveau des frais de gestion\u00a0? Peut-on \u00e0 la fois faire de la communication pour inciter les consommateurs \u00e0 \u00e9conomiser l\u2019eau et p\u00e9naliser celui qui l\u2019\u00e9conomise\u00a0?<\/p>\n<p>Les factures d\u2019eau \u2013 document\u00a0 INC de\u00a0 mars 2012 :\u00a0\u00a0\u00a0 <a href=\"https:\/\/www.chamblenvi.com\/wordpress\/wp-content\/uploads\/2014\/04\/INC-Factures_eau.pdf\">INC-Factures_eau<br \/>\n<\/a><a title=\"Pr\u00e9fecture de la Loire Prix de l'eau et de l'assainissement janvier 2012\" href=\"http:\/\/www.loire.fr\/upload\/docs\/application\/pdf\/2013-01\/observatoire_de_leau_et_de_lassainissement_2011.pdf\">Pr\u00e9f. de la Loire Prix de l&rsquo;eau et de l&rsquo;assainissement Janv 2012\u00a0<\/a><\/p>\n<p>&nbsp;<\/p>\n<p>&nbsp;<\/p>\n","protected":false},"excerpt":{"rendered":"<p>Dans un\u00a0 article de juillet 2012, nous avions \u00e9voqu\u00e9 le probl\u00e8me du co\u00fbt du Service de l\u2019eau sur notre commune de Chambles. Le montant de ces factures reste toujours \u00e9lev\u00e9, nous constatons r\u00e9guli\u00e8rement des augmentations importantes :<\/p>\n","protected":false},"author":1,"featured_media":0,"comment_status":"open","ping_status":"open","sticky":false,"template":"","format":"gallery","meta":{"ngg_post_thumbnail":0,"footnotes":""},"categories":[9],"tags":[],"class_list":["post-1271","post","type-post","status-publish","format-gallery","hentry","category-patrimoine-naturel","post_format-post-format-gallery"],"_links":{"self":[{"href":"https:\/\/www.chamblenvi.com\/wordpress\/index.php?rest_route=\/wp\/v2\/posts\/1271","targetHints":{"allow":["GET"]}}],"collection":[{"href":"https:\/\/www.chamblenvi.com\/wordpress\/index.php?rest_route=\/wp\/v2\/posts"}],"about":[{"href":"https:\/\/www.chamblenvi.com\/wordpress\/index.php?rest_route=\/wp\/v2\/types\/post"}],"author":[{"embeddable":true,"href":"https:\/\/www.chamblenvi.com\/wordpress\/index.php?rest_route=\/wp\/v2\/users\/1"}],"replies":[{"embeddable":true,"href":"https:\/\/www.chamblenvi.com\/wordpress\/index.php?rest_route=%2Fwp%2Fv2%2Fcomments&post=1271"}],"version-history":[{"count":21,"href":"https:\/\/www.chamblenvi.com\/wordpress\/index.php?rest_route=\/wp\/v2\/posts\/1271\/revisions"}],"predecessor-version":[{"id":1322,"href":"https:\/\/www.chamblenvi.com\/wordpress\/index.php?rest_route=\/wp\/v2\/posts\/1271\/revisions\/1322"}],"wp:attachment":[{"href":"https:\/\/www.chamblenvi.com\/wordpress\/index.php?rest_route=%2Fwp%2Fv2%2Fmedia&parent=1271"}],"wp:term":[{"taxonomy":"category","embeddable":true,"href":"https:\/\/www.chamblenvi.com\/wordpress\/index.php?rest_route=%2Fwp%2Fv2%2Fcategories&post=1271"},{"taxonomy":"post_tag","embeddable":true,"href":"https:\/\/www.chamblenvi.com\/wordpress\/index.php?rest_route=%2Fwp%2Fv2%2Ftags&post=1271"}],"curies":[{"name":"wp","href":"https:\/\/api.w.org\/{rel}","templated":true}]}}