{"id":222,"date":"2011-04-17T17:56:57","date_gmt":"2011-04-17T17:56:57","guid":{"rendered":"http:\/\/www.chamblenvi.com\/wordpress\/?p=222"},"modified":"2014-03-22T14:50:59","modified_gmt":"2014-03-22T14:50:59","slug":"222","status":"publish","type":"post","link":"https:\/\/www.chamblenvi.com\/wordpress\/?p=222","title":{"rendered":"CHATEAU D&rsquo;ESSALOIS:  Abandon du projet  (avril 2011)"},"content":{"rendered":"<p><strong><a href=\"https:\/\/www.chamblenvi.com\/wordpress\/wp-content\/uploads\/2011\/03\/Essalois_9\u00b0Arts.jpg\"><img loading=\"lazy\" decoding=\"async\" class=\"alignleft size-thumbnail wp-image-30\" title=\"Essalois_9\u00b0Arts\" alt=\"\" src=\"https:\/\/www.chamblenvi.com\/wordpress\/wp-content\/uploads\/2011\/03\/Essalois_9\u00b0Arts-150x150.jpg\" width=\"150\" height=\"150\" \/><\/a>Mardi 12 avril<\/strong>: rencontre informelle avec M. Giraud, maire de Chambles, qui nous informe qu&rsquo;a eu lieu \u00e0 Chambles une r\u00e9union o\u00f9 \u00e9taient pr\u00e9sents M. Laurendon (Pr\u00e9sident du SMAGL, syndicat mixte propri\u00e9taire du Ch\u00e2teau), M. Michelou (architecte conseil du SMAGL), M. Roure, M. Mme Vavro (architectes du projet), la direction d\u00e9partementale du tourisme &#8230; Une esquisse du projet a \u00e9t\u00e9 pr\u00e9sent\u00e9e, elle comporte une extension de plus de 250 m2, ce qui n\u00e9cessiterait une r\u00e9vision du POS (plan d&rsquo;occupation des sols). M. Roure revoit son projet.<!--more--><\/p>\n<p style=\"text-align: justify;\"><strong>Mercredi 13 avril<\/strong>, FR3 diffuse dans les informations locales de St-Etienne un reportage sur le restaurant Roure, \u00e0 voir (\u00e0 4mn40 du d\u00e9but) sur\u00a0 <a href=\"http:\/\/www.pluzz.fr\/jt-local-19-20---saint-etienne-2011-04-13-18h50.html\">http:\/\/www.pluzz.fr\/jt-local-19-20&#8212;saint-etienne-2011-04-13-18h50.html<\/a> En r\u00e9sum\u00e9, M. Roure menace \u00e0 nouveau de quitter le d\u00e9partement si les \u00e9lus ne l&rsquo;aident pas \u00e0 trouver un lieu suffisamment prestigieux pour son \u00e9ventuelle 3\u00e8me \u00e9toile. Essalois, \u00ab site magique \u00bb comme nous le savons tous, est un site class\u00e9, ce que d\u00e8s le d\u00e9part ni M. Roure, ni les \u00e9lus, ne pouvaient ignorer: dans l&rsquo;\u00e9mission, la chose est pr\u00e9sent\u00e9e comme une d\u00e9couverte, alors que d&#8217;embl\u00e9e \u00ab des ann\u00e9es de d\u00e9marches administratives \u00bb \u00e9taient n\u00e9cessaires&#8230; surtout avec les recours que nous n&rsquo;aurions pas manqu\u00e9 de faire. M. Laurendon voit m\u00eame un probl\u00e8me dans la recherche de client\u00e8le pour un \u00e9tablissement aussi haut de gamme, fallait-il attendre aujourd&rsquo;hui pour s&rsquo;en rendre compte? L&rsquo;exp\u00e9rience Pierre Gagnaire \u00e0 St-Etienne a donc servi \u00e0 quelque chose !<\/p>\n<p><strong>Jeudi 14 avril<\/strong>: le journal \u00ab La Gazette \u00bb annonce \u00ab Le Neuvi\u00e8me Art n&rsquo;ira pas \u00e0 Essalois. \u00bb M. Roure y reconna\u00eet: \u00ab le projet a d&rsquo;ailleurs suscit\u00e9 une tr\u00e8s grande opposition \u00bb, ce qui fait dire au journaliste que cette opposition a eu raison du projet.<\/p>\n<p style=\"text-align: justify;\"><strong>Samedi 16 avril:<\/strong> M. Roure s&rsquo;exprime dans un article du Progr\u00e8s, en mettant en avant, comme les \u00e9lus, la question des d\u00e9lais administratifs. Voici un floril\u00e8ge quelque peu surprenant:<\/p>\n<p style=\"text-align: justify;\">&#8211; \u00ab (les plus de 6000 signataires de la p\u00e9tition) se sont exprim\u00e9s sans avoir connaissance du sujet \u00bb ?<\/p>\n<p style=\"text-align: justify;\">&#8211; \u00ab je voulais juste (\u2026) tirer le d\u00e9partement vers le haut \u00bb &#8230;au m\u00e9pris de l&rsquo;importante fr\u00e9quentation, trop populaire ?<\/p>\n<p style=\"text-align: justify;\">&#8211; \u00ab (les opposants) ne voulaient pas que de l&rsquo;argent public soit investi dans un lieu priv\u00e9. Mais cela arrive au quotidien \u00bb&#8230; alors que les \u00e9lus nous ont affirm\u00e9 qu&rsquo;aucun argent public ne serait engag\u00e9 !<\/p>\n<p>Nous vous informons \u00e9galement que, depuis le 4 avril nous avons \u00e0 quatre reprises sollicit\u00e9 M. Laurendon pour un rendez-vous: il nous l&rsquo;accorde pour le 12 mai&#8230; Nous aurons alors la satisfaction de lui remettre au nom de tous nos plus de 6000 signatures !<\/p>\n<p style=\"text-align: justify;\">Continuez \u00e0 r\u00e9agir sur ce blog et \u00e0 le consulter: nous vous informerons par ce biais de nos actions et essayons d&rsquo;organiser un temps festif au ch\u00e2teau.<\/p>\n<p style=\"text-align: justify;\"><strong>Bravo \u00e0 tous <\/strong>!!!<\/p>\n","protected":false},"excerpt":{"rendered":"<p>Mardi 12 avril: rencontre informelle avec M. Giraud, maire de Chambles, qui nous informe qu&rsquo;a eu lieu \u00e0 Chambles une r\u00e9union o\u00f9 \u00e9taient pr\u00e9sents M. Laurendon (Pr\u00e9sident du SMAGL, syndicat mixte propri\u00e9taire du Ch\u00e2teau), M. Michelou (architecte conseil du SMAGL), &hellip; <a href=\"https:\/\/www.chamblenvi.com\/wordpress\/?p=222\">Continuer la lecture <span class=\"meta-nav\">&rarr;<\/span><\/a><\/p>\n","protected":false},"author":1,"featured_media":0,"comment_status":"open","ping_status":"open","sticky":false,"template":"","format":"gallery","meta":{"ngg_post_thumbnail":0,"footnotes":""},"categories":[8],"tags":[12,3,4,7],"class_list":["post-222","post","type-post","status-publish","format-gallery","hentry","category-patrimoine-construit","tag-chamblenvi","tag-chambles","tag-essalois","tag-privatisation","post_format-post-format-gallery"],"_links":{"self":[{"href":"https:\/\/www.chamblenvi.com\/wordpress\/index.php?rest_route=\/wp\/v2\/posts\/222","targetHints":{"allow":["GET"]}}],"collection":[{"href":"https:\/\/www.chamblenvi.com\/wordpress\/index.php?rest_route=\/wp\/v2\/posts"}],"about":[{"href":"https:\/\/www.chamblenvi.com\/wordpress\/index.php?rest_route=\/wp\/v2\/types\/post"}],"author":[{"embeddable":true,"href":"https:\/\/www.chamblenvi.com\/wordpress\/index.php?rest_route=\/wp\/v2\/users\/1"}],"replies":[{"embeddable":true,"href":"https:\/\/www.chamblenvi.com\/wordpress\/index.php?rest_route=%2Fwp%2Fv2%2Fcomments&post=222"}],"version-history":[{"count":22,"href":"https:\/\/www.chamblenvi.com\/wordpress\/index.php?rest_route=\/wp\/v2\/posts\/222\/revisions"}],"predecessor-version":[{"id":227,"href":"https:\/\/www.chamblenvi.com\/wordpress\/index.php?rest_route=\/wp\/v2\/posts\/222\/revisions\/227"}],"wp:attachment":[{"href":"https:\/\/www.chamblenvi.com\/wordpress\/index.php?rest_route=%2Fwp%2Fv2%2Fmedia&parent=222"}],"wp:term":[{"taxonomy":"category","embeddable":true,"href":"https:\/\/www.chamblenvi.com\/wordpress\/index.php?rest_route=%2Fwp%2Fv2%2Fcategories&post=222"},{"taxonomy":"post_tag","embeddable":true,"href":"https:\/\/www.chamblenvi.com\/wordpress\/index.php?rest_route=%2Fwp%2Fv2%2Ftags&post=222"}],"curies":[{"name":"wp","href":"https:\/\/api.w.org\/{rel}","templated":true}]}}